{"id":485,"date":"2017-08-02T11:39:11","date_gmt":"2017-08-02T15:39:11","guid":{"rendered":"http:\/\/blogs.library.mcgill.ca\/hsslibrary\/?p=485"},"modified":"2020-06-11T09:20:27","modified_gmt":"2020-06-11T13:20:27","slug":"joyeux-mois-des-fiertes-quebecoises-happy-quebec-pride-month","status":"publish","type":"post","link":"https:\/\/blogs.library.mcgill.ca\/hsslibrary\/joyeux-mois-des-fiertes-quebecoises-happy-quebec-pride-month\/","title":{"rendered":"Joyeux mois des fiert\u00e9s qu\u00e9b\u00e9coises | Happy Qu\u00e9bec Pride Month !"},"content":{"rendered":"<p>[English Follows Below]<\/p>\n<h1><strong>Le Qu\u00e9bec f\u00eate sa fiert\u00e9 LGBTQ+ et nous aussi ! #Fiert\u00e9Biblio<\/strong><\/h1>\n<p>L&#8217;ao\u00fbt marque le mois des fiert\u00e9s qu\u00e9b\u00e9coises qui se d\u00e9roule dans trois de nos villes du Qu\u00e9bec :<\/p>\n<ul>\n<li><strong>Montr\u00e9al<\/strong> : <a href=\"http:\/\/www.fiertemontrealpride.com\">Fiert\u00e9 Montr\u00e9al<\/a> &#8211; jeudi 10 ao\u00fbt au dimanche 20 ao\u00fbt<\/li>\n<li><strong>Sherbrooke<\/strong> : <a href=\"https:\/\/fierelafete.ca\">Fi\u00e8re la f\u00eate<\/a> &#8211; jeudi 24 ao\u00fbt au samedi 26 ao\u00fbt<\/li>\n<li><strong>Qu\u00e9bec<\/strong> : <a href=\"http:\/\/fetearcenciel.ca\">F\u00eate arc-en-ciel de Qu\u00e9bec<\/a> &#8211; jeudi 31 ao\u00fbt au dimanche 3 septembre<\/li>\n<\/ul>\n<h1>Des ressources LGBTQ+ en masse \u00e0 la biblio !<\/h1>\n<div id=\"attachment_580\" style=\"width: 310px\" class=\"wp-caption alignright\"><a href=\"https:\/\/blogs.library.mcgill.ca\/hsslibrary\/files\/2017\/08\/pride2016_2.jpg\"><img loading=\"lazy\" decoding=\"async\" aria-describedby=\"caption-attachment-580\" class=\"size-medium wp-image-580\" src=\"https:\/\/blogs.library.mcgill.ca\/hsslibrary\/files\/2017\/08\/pride2016_2-300x200.jpg\" alt=\"\" width=\"300\" height=\"200\" srcset=\"https:\/\/blogs.library.mcgill.ca\/hsslibrary\/files\/2017\/08\/pride2016_2-300x200.jpg 300w, https:\/\/blogs.library.mcgill.ca\/hsslibrary\/files\/2017\/08\/pride2016_2-768x512.jpg 768w, https:\/\/blogs.library.mcgill.ca\/hsslibrary\/files\/2017\/08\/pride2016_2-1024x683.jpg 1024w, https:\/\/blogs.library.mcgill.ca\/hsslibrary\/files\/2017\/08\/pride2016_2-450x300.jpg 450w, https:\/\/blogs.library.mcgill.ca\/hsslibrary\/files\/2017\/08\/pride2016_2.jpg 1200w\" sizes=\"auto, (max-width: 300px) 100vw, 300px\" \/><\/a><p id=\"caption-attachment-580\" class=\"wp-caption-text\">McGill University Library Pride photo 2016<\/p><\/div>\n<p>En plus d&#8217;aller f\u00eater notre fiert\u00e9 partout au Qu\u00e9bec, le saviez-vous que la Biblioth\u00e8que des sciences humaines et sociales de l&#8217;Universit\u00e9 McGill contient des ressources LGBTQ+ en masse ?<\/p>\n<p>Voici quelques ressources vedettes pour commencer vos aventures dans les ressources LGBTQ+ fournies par votre biblioth\u00e8que pr\u00e9f\u00e9r\u00e9e :<\/p>\n<div id=\"attachment_597\" style=\"width: 235px\" class=\"wp-caption alignright\"><a href=\"https:\/\/blogs.library.mcgill.ca\/hsslibrary\/files\/2017\/08\/FullSizeRender-4.jpg\"><img loading=\"lazy\" decoding=\"async\" aria-describedby=\"caption-attachment-597\" class=\"wp-image-597 size-medium\" src=\"https:\/\/blogs.library.mcgill.ca\/hsslibrary\/files\/2017\/08\/FullSizeRender-4-225x300.jpg\" alt=\"\" width=\"225\" height=\"300\" srcset=\"https:\/\/blogs.library.mcgill.ca\/hsslibrary\/files\/2017\/08\/FullSizeRender-4-225x300.jpg 225w, https:\/\/blogs.library.mcgill.ca\/hsslibrary\/files\/2017\/08\/FullSizeRender-4-768x1024.jpg 768w\" sizes=\"auto, (max-width: 225px) 100vw, 225px\" \/><\/a><p id=\"caption-attachment-597\" class=\"wp-caption-text\">#Fiert\u00e9Lecture | Pavillon de la Biblioth\u00e8que Redpath<\/p><\/div>\n<ul>\n<li><a href=\"http:\/\/libraryguides.mcgill.ca\/LGBTQ\"><strong>Guide de recherche en \u00e9tudes LGBTQ+<\/strong><\/a> : Selection de ressources LGBTQ+ disponibles \u00e0 la Biblioth\u00e8que de l&#8217;Universit\u00e9 McGill.<\/li>\n<li><a href=\"http:\/\/libraryguides.mcgill.ca\/LGBTQ\/primarysources#s-lg-box-13262490\"><strong>Kanopy Video &#8211; LGBT<\/strong><\/a>\u00a0&amp; <strong><a href=\"http:\/\/libraryguides.mcgill.ca\/LGBTQ\/primarysources#s-lg-box-13262490\">LGBT Studies in Video<\/a>\u00a0<\/strong>des centaines de vid\u00e9os (documentaires et films) LGBTQ+ disponible en flux (streaming) ! C&#8217;est une sorte de Netflix LGBTQ+ ou OutTVGo \u00e9ducatif !<\/li>\n<li><a href=\"http:\/\/libraryguides.mcgill.ca\/LGBTQ\/primarysources#s-lg-box-12466016\"><strong>Archives of Human Sexuality and Identity. LGBTQ history and culture since 1940<\/strong><\/a>\u00a0&#8211; cette ressource est riche de sources primaires datant de 1940. On trouvera notamment des ressources sur \u00ab\u00a0Act Up Montr\u00e9al \u00bb, la descente polici\u00e8re au \u00ab party Sex Garage \u00bb (souvent consid\u00e9r\u00e9 le \u00ab Stonewall \u00bb de Montr\u00e9al) et m\u00eame des articles sur les fameux bingos de notre ch\u00e8re Mado Lamotte !<\/li>\n<\/ul>\n<h1><strong>#Fiert\u00e9Lecture &#8211; exposition vivante<\/strong><\/h1>\n<div id=\"attachment_595\" style=\"width: 310px\" class=\"wp-caption alignleft\"><a href=\"https:\/\/blogs.library.mcgill.ca\/hsslibrary\/files\/2017\/08\/Fiert\u00e9Lecture.png\"><img loading=\"lazy\" decoding=\"async\" aria-describedby=\"caption-attachment-595\" class=\"size-medium wp-image-595\" src=\"https:\/\/blogs.library.mcgill.ca\/hsslibrary\/files\/2017\/08\/Fiert\u00e9Lecture-300x223.png\" alt=\"\" width=\"300\" height=\"223\" srcset=\"https:\/\/blogs.library.mcgill.ca\/hsslibrary\/files\/2017\/08\/Fiert\u00e9Lecture-300x223.png 300w, https:\/\/blogs.library.mcgill.ca\/hsslibrary\/files\/2017\/08\/Fiert\u00e9Lecture-768x570.png 768w, https:\/\/blogs.library.mcgill.ca\/hsslibrary\/files\/2017\/08\/Fiert\u00e9Lecture-1024x760.png 1024w, https:\/\/blogs.library.mcgill.ca\/hsslibrary\/files\/2017\/08\/Fiert\u00e9Lecture-404x300.png 404w, https:\/\/blogs.library.mcgill.ca\/hsslibrary\/files\/2017\/08\/Fiert\u00e9Lecture.png 1516w\" sizes=\"auto, (max-width: 300px) 100vw, 300px\" \/><\/a><p id=\"caption-attachment-595\" class=\"wp-caption-text\">#Fiert\u00e9Lecture tout le mois d&#8217;ao\u00fbt \u00e0 la biblio (Pavillon Redpath de la biblioth\u00e8que)<\/p><\/div>\n<p>Pendant le mois d&#8217;ao\u00fbt, nous vous invitons \u00e9galement de venir consulter et emprunter des livres de notre exposition vivante <strong>Fiert\u00e9 Lecture | Pride Reading<\/strong> dans le pavillon Redpath de la Biblioth\u00e8que des sciences humaines et sociales \u00e0 droit de <a href=\"https:\/\/blogs.library.mcgill.ca\/hsslibrary\/whats-on-your-summer-reading-list\/\">l&#8217;exposition Summer Reading<\/a>.<\/p>\n<p>Au fur \u00e0 mesure le mois d&#8217;ao\u00fbt, je remplacerai les titres emprunt\u00e9s avec d&#8217;autres titres LGBTQ+ . Je vous ai \u00e9galement fait une\u00a0<a href=\"https:\/\/mcgill.worldcat.org\/profiles\/Michael.David.Miller\/lists\/3757958\">\u00a0liste WorldCat<\/a> avec une s\u00e9lection de livres physiques, livres num\u00e9riques, bases de donn\u00e9es et films LGBTQ+ que vous pouvez \u00e9galement consulter et emprunter.<\/p>\n<p>Si vous avez des questions, suggestions ou soucis, n&#8217;h\u00e9sitez pas \u00e0 me contacter, M.<\/p>\n<p>Michael David MILLER (<a href=\"mailto:michael.david.miller@mcgill.ca\">michael.david.miller@mcgill.ca<\/a>), Biblioth\u00e9caire en \u00e9tudes LGBTQ+ \u00e0 la Biblioth\u00e8que des sciences humaines et sociales.<\/p>\n<p><!--more--><\/p>\n<hr \/>\n<h1><strong>Qu\u00e9bec celebrates its LGBTQ+ Pride &amp; so are we! #LibraryPride\u00a0<\/strong><\/h1>\n<div id=\"attachment_582\" style=\"width: 310px\" class=\"wp-caption alignright\"><a href=\"https:\/\/blogs.library.mcgill.ca\/hsslibrary\/files\/2017\/08\/2017-08-01_11-49-35.png\"><img loading=\"lazy\" decoding=\"async\" aria-describedby=\"caption-attachment-582\" class=\"wp-image-582 size-medium\" src=\"https:\/\/blogs.library.mcgill.ca\/hsslibrary\/files\/2017\/08\/2017-08-01_11-49-35-300x218.png\" alt=\"\" width=\"300\" height=\"218\" srcset=\"https:\/\/blogs.library.mcgill.ca\/hsslibrary\/files\/2017\/08\/2017-08-01_11-49-35-300x218.png 300w, https:\/\/blogs.library.mcgill.ca\/hsslibrary\/files\/2017\/08\/2017-08-01_11-49-35-768x558.png 768w, https:\/\/blogs.library.mcgill.ca\/hsslibrary\/files\/2017\/08\/2017-08-01_11-49-35-1024x744.png 1024w, https:\/\/blogs.library.mcgill.ca\/hsslibrary\/files\/2017\/08\/2017-08-01_11-49-35-413x300.png 413w, https:\/\/blogs.library.mcgill.ca\/hsslibrary\/files\/2017\/08\/2017-08-01_11-49-35.png 1256w\" sizes=\"auto, (max-width: 300px) 100vw, 300px\" \/><\/a><p id=\"caption-attachment-582\" class=\"wp-caption-text\">LGBTQ+ Research Guide |\u00a0McGill Library<\/p><\/div>\n<p>August is the month of Pride celebrations across three cities in Qu\u00e9bec :<\/p>\n<ul>\n<li><strong>Montr\u00e9al<\/strong> : <a href=\"http:\/\/www.fiertemontrealpride.com\">Fiert\u00e9 Montr\u00e9al<\/a> &#8211; Thursday 10 August to Sunday 20 August<\/li>\n<li><strong>Sherbrooke<\/strong> : <a href=\"https:\/\/fierelafete.ca\">Fi\u00e8re la f\u00eate<\/a> &#8211; Thursday 24 August to\u00a0Saturday 26 August<\/li>\n<li><strong>Qu\u00e9bec<\/strong> : <a href=\"http:\/\/fetearcenciel.ca\">F\u00eate arc-en-ciel de Qu\u00e9bec<\/a> &#8211; Thursday 31 August to Sunday 3 September<\/li>\n<\/ul>\n<h1>LGBTQ+ resources <em>en masse<\/em> @ the library!<\/h1>\n<p>Did you know that McGill University&#8217;s Humanities and Social Sciences Library has a very large number of LGBTQ+ resources?<\/p>\n<p>Here are a few star resources to start your adventure in your favourite library&#8217;s LGBTQ+ resources :<\/p>\n<div id=\"attachment_597\" style=\"width: 235px\" class=\"wp-caption alignright\"><a href=\"https:\/\/blogs.library.mcgill.ca\/hsslibrary\/files\/2017\/08\/FullSizeRender-4.jpg\"><img loading=\"lazy\" decoding=\"async\" aria-describedby=\"caption-attachment-597\" class=\"size-medium wp-image-597\" src=\"https:\/\/blogs.library.mcgill.ca\/hsslibrary\/files\/2017\/08\/FullSizeRender-4-225x300.jpg\" alt=\"\" width=\"225\" height=\"300\" srcset=\"https:\/\/blogs.library.mcgill.ca\/hsslibrary\/files\/2017\/08\/FullSizeRender-4-225x300.jpg 225w, https:\/\/blogs.library.mcgill.ca\/hsslibrary\/files\/2017\/08\/FullSizeRender-4-768x1024.jpg 768w\" sizes=\"auto, (max-width: 225px) 100vw, 225px\" \/><\/a><p id=\"caption-attachment-597\" class=\"wp-caption-text\">#PrideReading |\u00a0Redpath Library Building<\/p><\/div>\n<ul>\n<li><a href=\"http:\/\/libraryguides.mcgill.ca\/LGBTQ\"><strong>LGBTQ+ Research Guide<\/strong><\/a> : Selection of LGBTQ+ resources available at the McGill Library<\/li>\n<li><a href=\"http:\/\/libraryguides.mcgill.ca\/LGBTQ\/primarysources#s-lg-box-13262490\"><strong>Kanopy Video &#8211; LGBT<\/strong><\/a>\u00a0&amp; <strong><a href=\"http:\/\/libraryguides.mcgill.ca\/LGBTQ\/primarysources#s-lg-box-13262490\">LGBT Studies in Video<\/a><\/strong>\u00a0has hundreds of streaming LGBTQ+ video. Think of it as an educational LGBTQ+ Netflix or OutTvGo.<\/li>\n<li><a href=\"http:\/\/libraryguides.mcgill.ca\/LGBTQ\/primarysources#s-lg-box-12466016\"><strong>Archives of Human Sexuality and Identity. LGBTQ history and culture since 1940<\/strong><\/a>\u00a0&#8211; Find notable photos, diaries, newspaper articles on &#8220;Act Up Montr\u00e9al&#8221;, \u00a0the &#8220;Sex Garage Party&#8221; police raid (often considered the Montr\u00e9al &#8220;Stonewall&#8221;) or even see the career evolution of our beloved DragQueen, Mado Lamotte !<\/li>\n<\/ul>\n<h1><strong>#PrideReading &#8211; Living Exhibit<\/strong><\/h1>\n<div id=\"attachment_595\" style=\"width: 310px\" class=\"wp-caption alignleft\"><a href=\"https:\/\/blogs.library.mcgill.ca\/hsslibrary\/files\/2017\/08\/Fiert\u00e9Lecture.png\"><img loading=\"lazy\" decoding=\"async\" aria-describedby=\"caption-attachment-595\" class=\"size-medium wp-image-595\" src=\"https:\/\/blogs.library.mcgill.ca\/hsslibrary\/files\/2017\/08\/Fiert\u00e9Lecture-300x223.png\" alt=\"\" width=\"300\" height=\"223\" srcset=\"https:\/\/blogs.library.mcgill.ca\/hsslibrary\/files\/2017\/08\/Fiert\u00e9Lecture-300x223.png 300w, https:\/\/blogs.library.mcgill.ca\/hsslibrary\/files\/2017\/08\/Fiert\u00e9Lecture-768x570.png 768w, https:\/\/blogs.library.mcgill.ca\/hsslibrary\/files\/2017\/08\/Fiert\u00e9Lecture-1024x760.png 1024w, https:\/\/blogs.library.mcgill.ca\/hsslibrary\/files\/2017\/08\/Fiert\u00e9Lecture-404x300.png 404w, https:\/\/blogs.library.mcgill.ca\/hsslibrary\/files\/2017\/08\/Fiert\u00e9Lecture.png 1516w\" sizes=\"auto, (max-width: 300px) 100vw, 300px\" \/><\/a><p id=\"caption-attachment-595\" class=\"wp-caption-text\">#PrideReading all the month of August in the library (Redpath Library Building)<\/p><\/div>\n<p>During the month of August, we invite you to come visit and borrow from our living exhibit,\u00a0<strong>Fiert\u00e9 Lecture | Pride Reading,\u00a0<\/strong>in the Redpath Building of the Humanities and Social Sciences Library right next to the <a href=\"https:\/\/blogs.library.mcgill.ca\/hsslibrary\/whats-on-your-summer-reading-list\/\">Summer Reading Display<\/a>.<\/p>\n<p>During the month of August, I will replace borrowed titles with new LGBTQ+ titles. I have also created for you a WorldCat List with a selection of LGBTQ+ print books, ebooks, databases and films that you can consult and borrow.<\/p>\n<p>If you have any questions, suggestions or concerns, please contact me, Mr Michael David MILLER (<a href=\"mailto:michael.david.miller@mcgill.ca\">michael.david.miller@mcgill.ca<\/a>),\u00a0the Librarian for LGBTQ+ Studies at the Humanities and Social Sciences Library.<\/p>\n<p>Happy Pride &amp; Bonne fiert\u00e9 !<\/p>\n","protected":false},"excerpt":{"rendered":"<p>[English Follows Below] Le Qu\u00e9bec f\u00eate sa fiert\u00e9 LGBTQ+ et nous aussi ! #Fiert\u00e9Biblio L&#8217;ao\u00fbt marque le mois des fiert\u00e9s qu\u00e9b\u00e9coises qui se d\u00e9roule dans trois de nos villes du Qu\u00e9bec : Montr\u00e9al : Fiert\u00e9 Montr\u00e9al &#8211; jeudi 10 ao\u00fbt &hellip; <a href=\"https:\/\/blogs.library.mcgill.ca\/hsslibrary\/joyeux-mois-des-fiertes-quebecoises-happy-quebec-pride-month\/\">Continue reading <span class=\"meta-nav\">&rarr;<\/span><\/a><\/p>\n","protected":false},"author":178,"featured_media":0,"comment_status":"open","ping_status":"closed","sticky":false,"template":"","format":"standard","meta":{"_monsterinsights_skip_tracking":false,"_monsterinsights_sitenote_active":false,"_monsterinsights_sitenote_note":"","_monsterinsights_sitenote_category":0,"footnotes":""},"categories":[63,6],"tags":[18,20,21,17,16,15,19,22],"class_list":["post-485","post","type-post","status-publish","format-standard","hentry","category-announcements","category-francophonie","tag-fierte","tag-fiertebiblio","tag-fiertelecture","tag-lgbt","tag-lgbtq","tag-librarypride","tag-pride","tag-pridereading"],"_links":{"self":[{"href":"https:\/\/blogs.library.mcgill.ca\/hsslibrary\/wp-json\/wp\/v2\/posts\/485","targetHints":{"allow":["GET"]}}],"collection":[{"href":"https:\/\/blogs.library.mcgill.ca\/hsslibrary\/wp-json\/wp\/v2\/posts"}],"about":[{"href":"https:\/\/blogs.library.mcgill.ca\/hsslibrary\/wp-json\/wp\/v2\/types\/post"}],"author":[{"embeddable":true,"href":"https:\/\/blogs.library.mcgill.ca\/hsslibrary\/wp-json\/wp\/v2\/users\/178"}],"replies":[{"embeddable":true,"href":"https:\/\/blogs.library.mcgill.ca\/hsslibrary\/wp-json\/wp\/v2\/comments?post=485"}],"version-history":[{"count":29,"href":"https:\/\/blogs.library.mcgill.ca\/hsslibrary\/wp-json\/wp\/v2\/posts\/485\/revisions"}],"predecessor-version":[{"id":604,"href":"https:\/\/blogs.library.mcgill.ca\/hsslibrary\/wp-json\/wp\/v2\/posts\/485\/revisions\/604"}],"wp:attachment":[{"href":"https:\/\/blogs.library.mcgill.ca\/hsslibrary\/wp-json\/wp\/v2\/media?parent=485"}],"wp:term":[{"taxonomy":"category","embeddable":true,"href":"https:\/\/blogs.library.mcgill.ca\/hsslibrary\/wp-json\/wp\/v2\/categories?post=485"},{"taxonomy":"post_tag","embeddable":true,"href":"https:\/\/blogs.library.mcgill.ca\/hsslibrary\/wp-json\/wp\/v2\/tags?post=485"}],"curies":[{"name":"wp","href":"https:\/\/api.w.org\/{rel}","templated":true}]}}